{"id":7898,"date":"2026-08-28T19:52:13","date_gmt":"2026-08-28T17:52:13","guid":{"rendered":"https:\/\/gartenstadt-racingteam.de\/racing\/?p=7898"},"modified":"2026-08-28T19:52:13","modified_gmt":"2026-08-28T17:52:13","slug":"21-23-08-2026-wm-in-kematen-ypps-oesterreich","status":"publish","type":"post","link":"https:\/\/gartenstadt-racingteam.de\/racing\/allgemein\/7898-21-23-08-2026-wm-in-kematen-ypps-oesterreich","title":{"rendered":"21.-23.08.2026 &#8211; WM in Kematen\/Ypps &#8211; \u00d6sterreich"},"content":{"rendered":"<p>Lange war es ruhig bei uns. Das kommt zum einen daher, das Armin und Kerstin sich aus nach 15 Jahren aus dem aktiven Rennsport verabschiedet haben. Zum anderen machten gesundheitliche Probleme von Markus und auch Stefan einen Strich durch die Rechnung. Beide haben sich nun wieder erholt, uns so konnten wenigsten Annika und Laura zum Willi nach \u00d6sterreich um die Weltmeisterschaft zu fahren. Und ich kann wieder einen Bericht schreiben. F\u00fcr Achim und alle die das gerne lesen:<\/p>\n<p><em>Freitag 21.08.26- Ein St\u00fcrmischer <\/em><em>E<\/em><em>mpfang<\/em><\/p>\n<p>Wir fuhren in ganz anderer Konstellation nach \u00d6sterreich. Stefan und Markus starteten mit Laura und Annika um 6 Uhr MEZ Richtung S\u00fcdbayern, w\u00e4hrend Claudia und ich ( musste noch a weng was Arbeiten) um 15 Uhr hinterher fuhren.<\/p>\n<p>Mit Laura ging es zur TA, wo ein Anschlag auf Frank Meyer ver\u00fcbt wurde. Blut ist gelaufen , wurde mir gesagt. Aber da einen Mettinger nix so schnell aus der Bahn wirft, nicht mal ein ausgefranstes Lenkseil, wurden Lenkseil und Frank schnell wieder heile gemacht. So gewissenhaft wurde Lauras alte Kiste selten durchgecheckt. Passt aber scho.\u00a0<\/p>\n<p>Markus hatte nicht viel zu tun, und konnte Small Talk halten , Stefan und die M\u00e4dels bezogen derweil unser Quartier in Amstetten. Claudia und Ich machten uns auf den Weg.\u00a0<\/p>\n<p>Unsere Fahrt verlief gut bis wir die Grenze erreicht hatten. Dann kam ein Sturm auf . Mit 40 km\/h mit Warnblinker ging es tiefer in die Alpenrepublik. Regen und Wind sorgten daf\u00fcr das wir dann doch auf einen Parkplatz rausgefahren sind . Und w\u00e4hrend Claudia dort fast ihr kleines Seepferdchen machen konnte, ging es am Zeltplatz in Kematen nicht minder wild zu.\u00a0 Zelte flogen durch die Luft und Windr\u00e4der segneten das Zeitliche. Viele helfende H\u00e4nde hielten mit letzter Kraft das TA \/ Kistenparkzelt fest, damit da nichts passiert. Den Willi hats umgehauen und er hatte auch die n\u00e4chsten Tage noch damit zu k\u00e4mpfen. Unsere Gerolzh\u00f6fener um die Konnis mussten bzw. durften eine unruhige und kurze Nacht im Feuerwehrhaus verbringen.\u00a0<\/p>\n<p>Gegen 21 Uhr kamen wir auch an , und trafen unsere Leute zusammen mit Brandt\u00b4s und den Losaurachern Susi und Herbert bei einem Pizzaimbiss, der zu unserer Abendlichen Heimat werden sollte<\/p>\n<p><em>Samstag 22.08.26 &#8211; B\u00f6se St\u00fchle<\/em><\/p>\n<p>Wieder getrennte Anreise. Markus , Stefan und Laura holten gegen 8 Uhr die Kiste aus den Schlaf. Claudia , Annika und ich kamen erst gegen 9 Uhr zur Kematener Rennstrecke , die ich immer nur &#8220; die Kuhstallstrecke&#8220; nenne.\u00a0 Bevor wir ankamen, musste sich Annika noch von der Polizei anh\u00f6ren , das sie sehr unsicher f\u00e4hrt. Auf die Idee das wir Ortsfremde uns erst mal durch das Stra\u00dfenlabyrinth von Amstetten via Navi lotsen lassen mussten, kam die Gendarmerie nicht. Aber es blieb bei einer Belehrung.\u00a0<\/p>\n<p>Nun konnte auch ich Endlich wieder Rennluft schnuppern und viele liebgewonnene Bekannte aus halb Deutschland begr\u00fc\u00dfen. Fam. Schier aus Stromberg, Siegenburger Jens,\u00a0 Andi Ricker aus Billerbeck, \u00d6sterreicher Stephan Schandl, die Geo-Gang um den Konni ( um nur einige zu nennen ) und nat\u00fcrlich den Willi.\u00a0 Ach ja, Overath war nat\u00fcrlich auch am Start. Frank Gehring-Lorenz brachte auch seinen Sohn Lukas ,seinen Bruder Udo und seine Badewanne mit. \ud83d\ude42\u00a0<\/p>\n<p>Da Laura mit ihrer Kiste wunderbar alleine zurecht kommt, suchten wir uns einen Platz an der Rennstrecke. Ziemlich mittig. Allerdings musste ich feststellen, das es auf Feld und Wiese zwar sehr Idyllisch ist, aber der Stuhl irgendwie immer schief steht.\u00a0<\/p>\n<p>Das Rennen startete ziemlich P\u00fcnktlich . Heute fuhren Rookies ( Junioren)\u00a0 und die Open . F\u00fcr Bayern gingen bei den kleinen die Gerolzh\u00f6fener Leo und Konstantin ( noch ein Brandt) sowie ein Justus und ein Moritz ( kenne ich beide noch nicht) an den Start.\u00a0<\/p>\n<p>Bei den Open waren es Laura und Pauline Haub. Und noch jemand stieg wieder ein. Zu meiner Schande hab ich nicht so recht gecheckt, welches Urgestein sich in die Kiste geschwungen hat. Ich sch\u00e4me mich wirklich \ud83d\ude41 Der Winni , den ich bei der TA hinter seinen R\u00e4dern vermutet hab setzte sich das zweite mal seit 1968 wieder ans Steuer und stellte fest, wie sch\u00f6n das heute ist. So leicht geht die Lenkung , so glatt sind die Stra\u00dfen. Ein Tr\u00e4umchen.<\/p>\n<p>Am Start sorgte Antonia Techritz daf\u00fcr, das es &#8222;Rampensau&#8220; Gerhard nicht zu viel wird.<\/p>\n<p>W\u00e4hrend die Probel\u00e4ufe liefen, wanderte ich mit meinem Stuhl lieber wieder Bergab. War mir doch etwas wackelig. Der Rest harrte aus, musste aber etwas sp\u00e4ter am Tag feststellen, das dass mit den St\u00fchlen auf Wiese seine T\u00fccken hat. Ich gesellte mich an das Ziel zu Fam. Schier und Rosenkranz. Dort war ich in guter Gesellschaft und auch auf Asphalt, aber ohne Sicht auf die Rennstrecke , da die Sponsorenplakate vor der Nase hingen. Da ich ja soviel Zeit wie selten auf einem Rennen hatte zog ich nach dem ersten Wertungslauf\u00a0 und der Mittagspause weiter und platzierte mich zwischen Gerolzhofen und Baden-W\u00fcrttemberg.\u00a0 Von den Leuten aus dem L\u00e4ndle kannte ich nur noch Maren und Max Werner. Die aber beide ( Max in Rookie, Maren bei Open) eine gute Figur machten.\u00a0<\/p>\n<p>F\u00fcr das leibliche Wohl wurde via Catering gut gesorgt. Bosna kannte ich schon aber Langos ohne So\u00dfe und K\u00e4se war mir etwas fremd. Und die musikalische Untermalung an der Rennstrecke war super. Austropop vom feinsten. Gef\u00e4llt.\u00a0<\/p>\n<p>Finn Schier reagierte blitzschnell und mit viel fahrerischen k\u00f6nnen, als sich die Hofkatze auf der Rennstrecke sonnte, und nicht zu vertreiben war.\u00a0<\/p>\n<p>Inzwischen bei Hollwecks auf dem Wiesenausguck : der Stuhl auf den Stefan sa\u00df, kippte nach hinten und er landete auf dem Hintern. Mit Kr\u00fccken gar nicht so einfach wieder hoch zu kommen, aber Hilfe kam sofort. Stefan zog es vor auf einen anderen Stuhl umzuziehen. Sarah nutzte die Gunst der Stunde um sich den Stuhl zu schnappen und was passierte? Logisch- eine Rolle r\u00fcckwerts, oder eigentlich gleich zwei.\u00a0<\/p>\n<p>W\u00e4hrend wir uns mit unseren s\u00e4mtlichen St\u00fchlen und Pl\u00e4tzen besch\u00e4ftigten, begaben sich Annika und Markus zur TA.\u00a0 Dort waren schon die ganze Zeit Fam. Techritz am Werkeln. Melanie an der Waage und nebenbei hat sie noch Pr\u00e4sentationen f\u00fcr die Siegerehrung gebastelt, die sehr gelungen war.\u00a0 Vize-Pr\u00e4si Frank Meyer , Konni und Willis Sohn und noch einige andere machten den Rest.\u00a0<\/p>\n<p>An der Rennstrecke traf nun auch der Sepp ein. Seine Frau war ja schon die letzten Jahre mit dabei. Aber dieses mal hatte er die Zukunft unseres Rennsportes mitgebracht. Seinen kleinen Sohn Teddy ( verzeiht mir wenn ich den Namen falsch geschrieben hab) . Die vierte Generation Losaurach Ur-Opa Herbert, Oma Susi ( klingt lustig), Papa Sepp und Baby Teddy. Wow&#8230;.<\/p>\n<p>Und da man auch in Zukunft nicht alleine den Berg runtersau\u00dfen will, legte der Leismanns Pascal gleich nach und brachte ein kleines T\u00f6chterchen mit. Die beiden &#8222;Gegner&#8220; konnten sich schon mal beschnuppern. A weng m\u00fcssen die aber noch warten&#8230;.Die Opas und Uropas k\u00f6nnen derweil ja schon mal in die Planung gehen&#8230;<\/p>\n<p>Die Siegerehrung fand im Kemnatener Gemeindehaus statt. Fam. Rosenkranz wurden fast zu Bayern und wurden gerne am Franken\/Bayern Tisch aufgenommen. Eigentlich h\u00e4tten wir fast zwei gro\u00dfe Tische gebrauch. Die Halle f\u00fcllte sich rasch und schon konnte\u00a0 es nach ein paar Gru\u00dfworten losgehen. Mit den Rookies ging es los. Etwas zu schnell meiner Meinung nach wurden die Kiddis auf die B\u00fchne gerufen. F\u00fcr jeden Starter gab es tolle Pokale aus Holz gedrechselt. In Form einer Birne. Das kommt daher das Kematen im Mostviertel lieg. Die Birne ist sozusagen ein Wahrzeichen .\u00a0<\/p>\n<p>Leo M\u00fcller ( Gerolzhofen) erreichte die bessere H\u00e4lfte und konnte den 10 Platz erreichen.\u00a0 Nar\u00fcrlich wurde er von allen Bayern oder besser noch Franken ( der einzige Bayer ist eigentlich Jens) zur B\u00fchne geleitet.\u00a0<\/p>\n<p>Der Ungarische Fahrer Martin erfuhr sich den dritten Platz.\u00a0 Der zweite Platz ging an Gerolzhofen mit Justus Triebel und gaaaanz oben stand ein Brandt- und zwar der Konstantin. Gerolzhofen triumphierte eindeutig. Der Konsti bekam keine Birne sondern einen tollen Holzkrug.\u00a0 Bemerkenswert waren die ganzen kleinen \u00d6sterreicher. Jeder einzelne kam zu Konsti und gratulierte ihm. Dabei bekam er auch den guten Tipp eines 9 j\u00e4hrigen, das man in dem Krug wunderbar Wodka mischen k\u00f6nne.\u00a0<\/p>\n<p>Die Open Fahrer waren auch noch dran. Der \u00d6sterreicher Thomas war der erste von hinten. Das st\u00f6rte ihn aber gar nicht. Lange war er nicht alleine auf der B\u00fchne Overather Udo und Frank folgten ihm bald . Naja bald&#8230; Frank drehte erst einmal noch eine Ehrenrunde durch die Halle. Auch Billerbecker Andi kamen dazu und auch der Winni. Gaaanz viel Rennhistorie auf der B\u00fchne vereint. Da brauchen sich der Jens und der Ralf auf ihre Old Men T-Shirts gar nix einbilden \ud83d\ude09<\/p>\n<p>Unsere Laura hatte ein bisschen Pech. Vierter Platz. Wie so oft wegen\u00a0 ein paar 100teln.\u00a0<\/p>\n<p>Auf dem Treppchen durften Quentin Rosenkranz Platz nehmen. The Blue Box von Finn Schier ergatterte sich silber und Weltmeister wurde Moritz Meyhoff. Papa Thomas war ganz ger\u00fchrt und platzte fast vor Stolz &#8211; und das zu Recht.\u00a0\u00a0<\/p>\n<p>Die Birne war \u00fcbrigens auch als Maskottchen da. Wer immer da drunter gesteckt hat, hatte einen sehr hei\u00dfen Job. Und immer einen Mettinger um sich. Die waren ganz begeistert von ihr ( der Birne)<\/p>\n<p>Leider hat es sich schon seit l\u00e4ngerer Zeit eingeschlichen, das sich das Geschehen ziemlich schnell nach der Siegerehrung aufl\u00f6st. Wir feierten Konstis Sieg noch beim Italiener von Abend 1.\u00a0<\/p>\n<p><em>Sonntag , 23.08.26 &#8211;\u00a0 Patrona Bavariae<\/em><\/p>\n<p>N\u00e4chster Morgen -gleiche Anreise. Nur das Laura gegen Annika getauscht wurde.\u00a0<\/p>\n<p>Wieder die &#8222;beste Platz&#8220; Suche. Ich gesellte mich gleich wieder zu Gerolzhofen. Das Pl\u00e4tzchen hatte sich Gestern bew\u00e4hrt.\u00a0<\/p>\n<p>Nun konnte ich auch Ralf und Amadeus richtig begr\u00fc\u00dfen. Sowie den Noch-Weltmeister Stefan Schandl.\u00a0 Der Gerhard musste heute ohne Antonia auskommen, die fuhr n\u00e4mlich f\u00fcr \u00d6sterreich selbst.\u00a0<\/p>\n<p>Fr\u00fch morgens &#8211; den meisten hieng noch der Schlaf in den Augen- war die Stimmung bei Felix, Resi und Fynn blendend. &#8220; Ist es Die da, die da , die da oder die da&#8220; Ein T\u00e4nzchen am morgen&#8230;.. Der Fynn fuhr heute als &#8222;Neuling&#8220; in der Elite Klasse. Da hat er sich ganz sch\u00f6n was vorgenommen. Viele viele Hochkar\u00e4ter starteten hier. Viele viele Jahre Rennerfahrung versammelten sich in der Elite. Sepp aus Losaurach\u00a0 , Pascal, Pia und Hugo\u00a0 aus Mettingen, der Schandls Stefan als amtierender Weltmeister, Jana &#8211; Lena und auch unsere Annika . Alle und noch viel mehr hatten gute Chancen auf den Titel.<\/p>\n<p>Auch bei den Masters ( Senioren) waren mit Sarah und Jana Bradt\u00a0 , Theo und Ida aus Mettingen gro\u00dfe Namen am Start. Und man darf auch die anderen Starter nicht vergessen, die alles daran setzten um den Favoriten die H\u00f6lle hei\u00df zu machen. Wird spannend &#8211; dieser Tag.\u00a0<\/p>\n<p>Eigentlich war schon nach den Probel\u00e4ufen fast klar, wer das Rennen unter sich ausmacht. Pascal und Sepp fuhren in einer anderen Welt. Auch Annika konnte gut mithalten.\u00a0<\/p>\n<p>So langsam wurde es warm in der Sonne. &#8230;.<\/p>\n<p>Die Geo Kiddis hatten heute alle Zeit zum Spielen und bl\u00f6deln. &#8222;Wenn kommt der Fynn&#8220; oder &#8222;Kommt jetzt der Fynn&#8220; wurde zur Frage des Tages gek\u00fcrt.\u00a0<\/p>\n<p>Zu meiner Verwunderung laufen die ersten drei L\u00e4ufe bis zur Mittagspause immer gef\u00fchlt voll schnell ab. Und noch was wunderte mich gewaltig.\u00a0 Ein ganz altes BW Urgestein im Seifenkistensport hatte seine beiden Enkel ( nehme ich an) am Start. Aber warum in alles in der Welt fuhren die beiden nicht in der Open. Meiner Meinung nach w\u00e4hren die beiden dort besser aufgehoben gewesen. Sch\u00f6n sind die \u00e4lteren Kisten ja, top gepflegt und mit liebe behandelt, aber heutzutage f\u00e4hrt es sich halt leider hinterher.\u00a0<\/p>\n<p>Die Mittagspause wurde genutzt um sich in den Schatten zu begeben. Steffi Brand fand eine neue Freundin in \u00d6sterreich, die Mettinger lernten \u00d6sterreichische Imbiss K\u00fcche kennen und Claudia klappte St\u00fchle auf und zu. Meinem Gesicht tat der Schatten auch ganz gut.<\/p>\n<p>Mit dem Winni haben wir uns lange unterhalten und so erfahren wie es dazu kam , das er wieder in eine Kiste gestiegen ist. Der gute Winni war sich nicht so sicher, ob er bei der DM starten soll. So gut zu Fu\u00df ist er nicht mehr, und in der TA R\u00e4derausgabe sitzt er ja auch. Um Hilfe traut er sich nicht zu fragen. Ein kurzes Telefonat nach N\u00fcrnberg reichte aus. Hilfe kommt und der Winni hat sich an diesem Abend noch angemeldet. Auch auf diese Weise noch ein Aufruf&#8230;&#8230;wer auf der DM\/EM ein H\u00e4ndchen frei hat, insbesondere beim ein und aush\u00e4ngen von den P\u00fctzies, langt einfach mit hin.\u00a0<\/p>\n<p>Noch was interessantes \u00fcber Winnis &#8222;Kistensammelleidenschaft&#8220; haben wir erfahren und uns auch a weng geehrt gef\u00fchlt. Winni steht auf Lauras Kiste, die uns ja eher zuf\u00e4llig mal in die H\u00e4nde gefallen ist.\u00a0<\/p>\n<p>Kurz nach der Mittagspause wurde die sch\u00f6ne WM durch einen schlimmen Zwischenfall \u00fcberschattet . Der Schreck sa\u00df bei allen Teilnehmern und Fahrern tief. Inzwischen konnte die Heimreise des Verunfallten angetreten werden. Mehr m\u00f6chte ich aus Respekt nicht schreiben.\u00a0<\/p>\n<p>Nach gewisser Zeit konnte die Rennstrecke wieder frei gegeben werden, und die restlichen L\u00e4ufe absolviert werden.\u00a0 Platz drei bis sieben der Elite\u00a0 machten\u00a0 es spannend. Antonia bewunderte derweil die Landschaft. \ud83d\ude09<\/p>\n<p>Nachdem der letzte Lauf gefahren war, konnten die Kisten\u00a0 \u00a0wieder verstaut werden. Claudia und ich r\u00e4umten alle m\u00f6glichen Sachen im Auto hin und her. Einen Teil in Annikas Auto, einen anderen in Stefans Auto. Das hat den Grund, das wir nicht nur die Hinreise, sondern auch die Heimreise getrennt angetreten sind.\u00a0 Wer jetzt schon denkt, wir haben eine weite Anreise- ach was. Ist von uns aus fast ein Katzensprung. Fam. Leismann ist wahrscheinlich immer noch unterwegs ( 12 Stunden hab ich mir sagen lassen) . Auch bei Billerbeck und Stromberg schauts wahrscheinlich nicht besser aus.<\/p>\n<p>Nun konnte auch an Renntag zwei die Siegerehrung los gehen. Dieses mal fingen die Masters an. Der Name Brandt l\u00f6st bei einigen wahrscheinlich Schwei\u00dfausbr\u00fcche aus. Gleich zweimal landeten die rasenden Schwestern auf dem Treppchen . Sarah konnte den Bronzenen Kranz ihr eigen nennen . Zwischen den beiden schob sich Ida Lampe. Und Jana wurde zur Weltmeisterin gek\u00fcrt.\u00a0\u00a0<\/p>\n<p>Nun zu den &#8222;Gro\u00dfen&#8220; -Elite<\/p>\n<p>Unsere Annika battelte sich hei\u00df mit Amadeus und Stefan Schandl. Mit dem sechsten Platz waren wir ganz zufrieden.\u00a0 Eigentlich war ja nur noch die Frage, wer auf dem dritten Stockerl Platz nehmen durfte. Noch eine Lampe, und zwar die Pia. Sepp Strohmaier und Pascal Leismann fuhren um die Wette. Knapp wars. Pascal erreichte den zweiten Platz und Sepp wurde Weltbester. Dan konnte sein Teddy und sein Opa aber Stolz sein. Wir waren es auch. Die Susi musste auch ein Tr\u00e4nchen verdr\u00fccken. Versteh ich. Ich kenne das Gef\u00fchl.<\/p>\n<p>Vielleicht sollten wir die Meyhoffs in Bayern adoptieren. Moritz ( in der Open) war der einzigste Weltmeister der nicht aus Bavaria kommt.\u00a0<\/p>\n<p>Aber egal aus Welchem Bundesland\/Land oder welchem Verein jemand angeh\u00f6rt, Spa\u00df hatten wir wahrscheinlich alle. Und allen Fahrern ob Weltmeister oder nicht &#8211; herzlichen Gl\u00fcckwunsch- ihr haltet diesen sch\u00f6nen Sport am laufen.<\/p>\n<p>Ach- jetzt ist\u00b4s mir fast so ergangen wie dem Willi am Samstag . In \u00d6sterreich ist es schon Tradition das Sponsorengeschenke ausgelost werden. Jeder Fahrer ist automatisch via Startnummer im Lostopf.\u00a0 Der Hauptgewinn war f\u00fcr jede Rennklasse ein E-Scooter. Da waren aber alle scharf drauf. F\u00fcr die Junioren gab es noch etliche Carrera Bahnen. Da gingen , wenn ich mich recht erinnere, einige nach Mettingen. Die Freude war Gro\u00df. Ein kleiner Rookiefahrer konnte es gar nicht fassen , das er den Hauptpreis gewonnen hat. Aber mehr Gelacht haben wir , als der Open Fahrer Thomas F\u00fcsselberger die richtige Startnummer hatte. Er wollte schon lange so einen Flitzer- aber er hatte Kaufverbot von seiner Frau. Nun- gekauft hat er ihn ja nicht. \ud83d\ude42\u00a0 . Bei den Elitefahrern gewann ebenfalls ein \u00d6sterreicher und die Master? Ich habe ja schon gesagt, das Fam. Brandt so ziemlich alles abr\u00e4umte was es gab. Jana bekam das ersehnte Teil.\u00a0<\/p>\n<p>W\u00e4hrend sich Markus, Claudia und Annika auf die Heimreise in die Noris machten ( Annika und Markus mussten Montag fr\u00fch Arbeiten) blieb der Rest von uns noch eine Nacht. Mit Brandts wurde noch ein Amstettener Asiate geentert .<\/p>\n<p>Doch bevor Stefan , Laura und ich am Montag fr\u00fch die Heimreise angetreten sind, wurden erst noch ein paar Shoppingstops eingelegt. Wer jetzt auf was gaaanz besonderes wartet, wird entt\u00e4uscht. Stefans Senflager musste aufgef\u00fcllt werden. Und auch in meinem K\u00fchlschrak wohnt jetzt der \u00d6si Senf. Und Laura ging ziemlich kurz nach der Ankunft in die Nachtschicht.\u00a0<\/p>\n<p>Was sonst noch so los war:<\/p>\n<p>.- der Jens , der am ersten Renntag die Kisten wieder an den Start gebracht hat, war so lieb und hat mir ein Rennheft \u00fcberlassen. Danke- jetzt hab ich auch was f\u00fcr meine Seifenkistenkiste. Jetzt muss ich nur noch an so eine Tasse kommen ( winkmitdemzaunpfahl)<\/p>\n<p>-Ich konnte endlich mal wieder Doris und J\u00fcrgen Schandl sehen.\u00a0 Nat\u00fcrlich konnten die in den &#8222;Club der Eltern der Ex Weltmeister &#8220; aufgenommen werden. Allerdings hab ich ganz vergessen zu fragen, ob die beiden wieder Kartoffeln dabei gehabt haben ( ihr wisst schon, die vom J\u00fcngling im Mondschein geernteten) .\u00a0<\/p>\n<p>-Ich hab immer noch nicht rausgefunden wer unter dem Maskotchen steckte<\/p>\n","protected":false},"excerpt":{"rendered":"<p>Lange war es ruhig bei uns. Das kommt zum einen daher, das Armin und Kerstin sich aus nach 15 Jahren aus dem aktiven Rennsport verabschiedet haben. Zum anderen machten gesundheitliche Probleme von Markus und auch Stefan einen Strich durch die Rechnung. Beide haben sich nun wieder erholt, uns so konnten wenigsten Annika und Laura zum &hellip; <a href=\"https:\/\/gartenstadt-racingteam.de\/racing\/allgemein\/7898-21-23-08-2026-wm-in-kematen-ypps-oesterreich\" class=\"more-link\"><span class=\"screen-reader-text\">21.-23.08.2026 &#8211; WM in Kematen\/Ypps &#8211; \u00d6sterreich<\/span> weiterlesen <span class=\"meta-nav\">&rarr;<\/span><\/a><\/p>\n","protected":false},"author":2,"featured_media":0,"comment_status":"closed","ping_status":"open","sticky":false,"template":"","format":"standard","meta":{"ngg_post_thumbnail":0,"footnotes":""},"categories":[1],"tags":[],"_links":{"self":[{"href":"https:\/\/gartenstadt-racingteam.de\/racing\/wp-json\/wp\/v2\/posts\/7898"}],"collection":[{"href":"https:\/\/gartenstadt-racingteam.de\/racing\/wp-json\/wp\/v2\/posts"}],"about":[{"href":"https:\/\/gartenstadt-racingteam.de\/racing\/wp-json\/wp\/v2\/types\/post"}],"author":[{"embeddable":true,"href":"https:\/\/gartenstadt-racingteam.de\/racing\/wp-json\/wp\/v2\/users\/2"}],"replies":[{"embeddable":true,"href":"https:\/\/gartenstadt-racingteam.de\/racing\/wp-json\/wp\/v2\/comments?post=7898"}],"version-history":[{"count":14,"href":"https:\/\/gartenstadt-racingteam.de\/racing\/wp-json\/wp\/v2\/posts\/7898\/revisions"}],"predecessor-version":[{"id":7912,"href":"https:\/\/gartenstadt-racingteam.de\/racing\/wp-json\/wp\/v2\/posts\/7898\/revisions\/7912"}],"wp:attachment":[{"href":"https:\/\/gartenstadt-racingteam.de\/racing\/wp-json\/wp\/v2\/media?parent=7898"}],"wp:term":[{"taxonomy":"category","embeddable":true,"href":"https:\/\/gartenstadt-racingteam.de\/racing\/wp-json\/wp\/v2\/categories?post=7898"},{"taxonomy":"post_tag","embeddable":true,"href":"https:\/\/gartenstadt-racingteam.de\/racing\/wp-json\/wp\/v2\/tags?post=7898"}],"curies":[{"name":"wp","href":"https:\/\/api.w.org\/{rel}","templated":true}]}}